{"id":692,"date":"2020-08-14T15:40:06","date_gmt":"2020-08-14T13:40:06","guid":{"rendered":"https:\/\/gs-lerchenberg.de\/?p=692"},"modified":"2020-08-18T13:54:01","modified_gmt":"2020-08-18T11:54:01","slug":"willkommen-im-schuljahr-2020-2021","status":"publish","type":"post","link":"https:\/\/gs-lerchenberg.de\/?p=692","title":{"rendered":"Willkommen im Schuljahr 2020\/2021"},"content":{"rendered":"\n<p><strong>WILLKOMMEN im Schuljahr 2020\/2021!<\/strong><\/p>\n\n\n\n<p>Wir freuen uns, dass ab Montag, den 17.8.2020 alle Kinder von Klasse 2 &#8211; 4 wieder zur Schule gehen k\u00f6nnen.<\/p>\n\n\n\n<p>Am Dienstag, den 18.8.20 kommen die neuen Erstkl\u00e4ssler zur Einschulung.<\/p>\n\n\n\n<p>Kurzinfos:<\/p>\n\n\n\n<p>Die&nbsp;<strong>Ankommenszeiten haben Sie alle \u00fcber die Klassenlehrer\/innen im Elternbrief erhalten.<\/strong><strong><\/strong><\/p>\n\n\n\n<p><strong>Bitte achten Sie darauf, dass die Kinder p\u00fcnktlich zu den angegebenen Zeiten kommen.<\/strong><\/p>\n\n\n\n<p>Der Unterricht wird nach Stundentafel erteilt.<\/p>\n\n\n\n<p><strong>Ganztagsschule<\/strong><\/p>\n\n\n\n<p>In der ersten Woche findet verk\u00fcrzter Ganztag statt:<\/p>\n\n\n\n<ol class=\"wp-block-list\" type=\"1\"><li>Klassen &nbsp;&nbsp;&nbsp;&nbsp;&nbsp;&nbsp;&nbsp;&nbsp;&nbsp;&nbsp;&nbsp;&nbsp;&nbsp;&nbsp;&nbsp;&nbsp;&nbsp;&nbsp; \u2013 kein Ganztag<\/li><li>Klassen &nbsp;&nbsp;&nbsp;&nbsp;&nbsp;&nbsp;&nbsp;&nbsp;&nbsp;&nbsp;&nbsp;&nbsp;&nbsp;&nbsp;&nbsp;&nbsp;&nbsp;&nbsp; \u2013 Ende um 14 Uhr<\/li><li>+ 4. Klassen &nbsp;&nbsp;&nbsp;&nbsp;&nbsp;&nbsp;&nbsp;&nbsp;&nbsp;&nbsp;&nbsp; \u2013 Ende um 15 Uhr<\/li><\/ol>\n\n\n\n<ul class=\"wp-block-list\"><li>Ab der 2. Schulwoche findet der Ganztag f\u00fcr alle Kinder bis 16 Uhr statt.<\/li><li>Die Kinder erhalten warmes Mittagessen.<\/li><li>Weitere Informationen zum Ganztag folgen in der kommenden Woche.<br><br><strong>Hygiene<\/strong><\/li><\/ul>\n\n\n\n<p>Denken Sie daran, Ihrem Kind t\u00e4glich einen sauberen&nbsp;<strong>Mund-Nasen-Schutz<\/strong>&nbsp;mitzugeben! Ein Ersatz-MNS ist au\u00dferdem n\u00fctzlich.<\/p>\n\n\n\n<p><strong>KONTAKTAUFNAHME<\/strong><br>Aufgrund der aktuellen Situation ist der Publikumsverkehr in der Schule auf das n\u00f6tigste Ma\u00df zu begrenzen. Anliegen sind m\u00f6glichst per Mail an schule.gs-lerchenberg@stadt.mainz.de zu schicken.<br>Zum pers\u00f6nlichen Gespr\u00e4ch vereinbaren Sie bitte telefonisch oder per Mail einen Termin.<\/p>\n\n\n\n<p><\/p>\n\n\n\n<p>Im Anhang finden Sie noch den neuen Hygieneplan und ein Merkblatt zum Umgang mit Erk\u00e4ltungssymptomen.<\/p>\n","protected":false},"excerpt":{"rendered":"<p>WILLKOMMEN im Schuljahr 2020\/2021! Wir freuen uns, dass ab Montag, den 17.8.2020 alle Kinder von Klasse 2 &#8211; 4 wieder zur Schule gehen k\u00f6nnen. Am Dienstag, den 18.8.20 kommen die neuen Erstkl\u00e4ssler zur Einschulung. Kurzinfos: Die&nbsp;Ankommenszeiten haben Sie alle \u00fcber <a href=\"https:\/\/gs-lerchenberg.de\/?p=692\" class=\"read-more\">Read More &#8230;<\/a><\/p>\n","protected":false},"author":2,"featured_media":0,"comment_status":"closed","ping_status":"closed","sticky":false,"template":"","format":"standard","meta":{"footnotes":""},"categories":[1],"tags":[],"class_list":["post-692","post","type-post","status-publish","format-standard","hentry","category-uncategorized"],"_links":{"self":[{"href":"https:\/\/gs-lerchenberg.de\/index.php?rest_route=\/wp\/v2\/posts\/692","targetHints":{"allow":["GET"]}}],"collection":[{"href":"https:\/\/gs-lerchenberg.de\/index.php?rest_route=\/wp\/v2\/posts"}],"about":[{"href":"https:\/\/gs-lerchenberg.de\/index.php?rest_route=\/wp\/v2\/types\/post"}],"author":[{"embeddable":true,"href":"https:\/\/gs-lerchenberg.de\/index.php?rest_route=\/wp\/v2\/users\/2"}],"replies":[{"embeddable":true,"href":"https:\/\/gs-lerchenberg.de\/index.php?rest_route=%2Fwp%2Fv2%2Fcomments&post=692"}],"version-history":[{"count":3,"href":"https:\/\/gs-lerchenberg.de\/index.php?rest_route=\/wp\/v2\/posts\/692\/revisions"}],"predecessor-version":[{"id":697,"href":"https:\/\/gs-lerchenberg.de\/index.php?rest_route=\/wp\/v2\/posts\/692\/revisions\/697"}],"wp:attachment":[{"href":"https:\/\/gs-lerchenberg.de\/index.php?rest_route=%2Fwp%2Fv2%2Fmedia&parent=692"}],"wp:term":[{"taxonomy":"category","embeddable":true,"href":"https:\/\/gs-lerchenberg.de\/index.php?rest_route=%2Fwp%2Fv2%2Fcategories&post=692"},{"taxonomy":"post_tag","embeddable":true,"href":"https:\/\/gs-lerchenberg.de\/index.php?rest_route=%2Fwp%2Fv2%2Ftags&post=692"}],"curies":[{"name":"wp","href":"https:\/\/api.w.org\/{rel}","templated":true}]}}